{"id":934,"date":"2026-04-07T11:43:14","date_gmt":"2026-04-07T09:43:14","guid":{"rendered":"https:\/\/newykpczestochowa.ugporaj.pl\/?p=934"},"modified":"2026-04-07T11:43:14","modified_gmt":"2026-04-07T09:43:14","slug":"walne-zebranie-ykp-czestochowa-6","status":"publish","type":"post","link":"http:\/\/newykpczestochowa.ugporaj.pl\/?p=934","title":{"rendered":"Walne Zebranie YKP Cz\u0119stochowa"},"content":{"rendered":"<p>W najbli\u017csz\u0105 sobot\u0119 11.04.2026 o godz. 10:00 w Urz\u0119dzie Stanu Cywilnego w Cz\u0119stochowie ul. Focha 19\/21 (wej\u015bcie od ul. Sobieskiego, parter) odb\u0119dzie si\u0119 Walne Zebranie YKP Cz\u0119stochowa. Serdecznie zapraszamy wszystkich cz\u0142onk\u00f3w klubu.<img loading=\"lazy\" decoding=\"async\" class=\"alignnone size-large wp-image-682\" src=\"http:\/\/newykpczestochowa.ugporaj.pl\/wp-content\/uploads\/2024\/11\/DSC01011-1024x683.jpg\" alt=\"\" width=\"683\" height=\"456\" srcset=\"http:\/\/newykpczestochowa.ugporaj.pl\/wp-content\/uploads\/2024\/11\/DSC01011-1024x683.jpg 1024w, http:\/\/newykpczestochowa.ugporaj.pl\/wp-content\/uploads\/2024\/11\/DSC01011-300x200.jpg 300w, http:\/\/newykpczestochowa.ugporaj.pl\/wp-content\/uploads\/2024\/11\/DSC01011-768x512.jpg 768w, http:\/\/newykpczestochowa.ugporaj.pl\/wp-content\/uploads\/2024\/11\/DSC01011-1536x1024.jpg 1536w, http:\/\/newykpczestochowa.ugporaj.pl\/wp-content\/uploads\/2024\/11\/DSC01011-2048x1365.jpg 2048w\" sizes=\"auto, (max-width: 683px) 100vw, 683px\" \/><\/p>\n","protected":false},"excerpt":{"rendered":"<p>W najbli\u017csz\u0105 sobot\u0119 11.04.2026 o godz. 10:00 w Urz\u0119dzie Stanu Cywilnego w Cz\u0119stochowie ul. Focha 19\/21 (wej\u015bcie od ul. Sobieskiego, parter) odb\u0119dzie si\u0119 Walne Zebranie YKP Cz\u0119stochowa. Serdecznie zapraszamy wszystkich cz\u0142onk\u00f3w klubu.<\/p>\n","protected":false},"author":2,"featured_media":0,"comment_status":"closed","ping_status":"closed","sticky":false,"template":"","format":"standard","meta":{"footnotes":""},"categories":[1],"tags":[],"class_list":["post-934","post","type-post","status-publish","format-standard","hentry","category-bez-kategorii"],"_links":{"self":[{"href":"http:\/\/newykpczestochowa.ugporaj.pl\/index.php?rest_route=\/wp\/v2\/posts\/934","targetHints":{"allow":["GET"]}}],"collection":[{"href":"http:\/\/newykpczestochowa.ugporaj.pl\/index.php?rest_route=\/wp\/v2\/posts"}],"about":[{"href":"http:\/\/newykpczestochowa.ugporaj.pl\/index.php?rest_route=\/wp\/v2\/types\/post"}],"author":[{"embeddable":true,"href":"http:\/\/newykpczestochowa.ugporaj.pl\/index.php?rest_route=\/wp\/v2\/users\/2"}],"replies":[{"embeddable":true,"href":"http:\/\/newykpczestochowa.ugporaj.pl\/index.php?rest_route=%2Fwp%2Fv2%2Fcomments&post=934"}],"version-history":[{"count":1,"href":"http:\/\/newykpczestochowa.ugporaj.pl\/index.php?rest_route=\/wp\/v2\/posts\/934\/revisions"}],"predecessor-version":[{"id":935,"href":"http:\/\/newykpczestochowa.ugporaj.pl\/index.php?rest_route=\/wp\/v2\/posts\/934\/revisions\/935"}],"wp:attachment":[{"href":"http:\/\/newykpczestochowa.ugporaj.pl\/index.php?rest_route=%2Fwp%2Fv2%2Fmedia&parent=934"}],"wp:term":[{"taxonomy":"category","embeddable":true,"href":"http:\/\/newykpczestochowa.ugporaj.pl\/index.php?rest_route=%2Fwp%2Fv2%2Fcategories&post=934"},{"taxonomy":"post_tag","embeddable":true,"href":"http:\/\/newykpczestochowa.ugporaj.pl\/index.php?rest_route=%2Fwp%2Fv2%2Ftags&post=934"}],"curies":[{"name":"wp","href":"https:\/\/api.w.org\/{rel}","templated":true}]}}